{"id":3414,"date":"2025-10-15T09:33:05","date_gmt":"2025-10-15T07:33:05","guid":{"rendered":"https:\/\/memoriahistorica.educacion.navarra.es\/?p=3414"},"modified":"2025-10-15T09:33:07","modified_gmt":"2025-10-15T07:33:07","slug":"redmemoriaren-i-hezkuntza-topaketa","status":"publish","type":"post","link":"https:\/\/memoriahistorica.educacion.navarra.es\/eu\/blog\/2025\/10\/15\/redmemoriaren-i-hezkuntza-topaketa\/","title":{"rendered":"RedMemoriaren I. Hezkuntza-Topaketa"},"content":{"rendered":"\n<p>2025eko urriaren 2tik 4ra bitartean, RedMemoriaren I. Hezkuntza-Topaketa egin zen Nafarroan, Nafarroako Memoriaren Institutuak, Espa\u00f1a en Libertad-50 a\u00f1os duen ordezkariak eta RedMemoria antolatuta. Andaluziako 4 ikastetxetako ikasleek eta irakasleek parte hartu zuten, Madrilgo 3koek, Asturiasko 2koek eta erkidego hauetako bakoitzeko batek: Gaztela-Mantxa, Gaztela Leon, Euskadi, Errioxa, Aragoi, Valentzia, Extremadura eta Kanariak. Gainera, ostiralean, hilak 3, Iru\u00f1eko Mendillorri BHIk eta Sagrado Coraz\u00f3n ikastetxeak , Burlatako Askatasuna BHIk, Eguesibarreko IES Sarriguren BHIk eta Tuterako IES Benjam\u00edn de Tudela BHIk bat egin zuten, osoan, 150 parte-hartzaile baino gehiago izan ziren.<br><\/p>\n\n\n\n<p>Programa ostegun arratsaldean hasi zen, botilen hilerria eta San Kristobal gotorlekuaren kanpoaldea bisitatuz. Bertan, Txinparta- Fuerte de San Cristobalgo elkarteko Koldo Plak penalaren eta hilerriaren historia azaldu zien. Ondoren, Lekarozko aterpetxera joan ziren,  bertan hartu baitzuten ostatu Nafarroan egon ziren bitartean.<br><\/p>\n\n\n\n<p>Ostiraleko jardunaldia, hilak 3, Nafarroako ikasleekin, gotorlekuaren atarian hasi zen. Bertan, Ana Ollo Nafarroako Gobernuko lehendakariordeak eta Carmen Gustr\u00e1n &#8220;Espa\u00f1a en Libertad-50 a\u00f1os&#8221; duen mandatariak harrera egin zieten. Ongietorri hitzen ondoren, Enrique Villarreal &#8216;El Drogas&#8217; musikariaren parte hartzeaz gozatu ahal izan zuten. Emanaldia amaitu eta Fermin Ezkietak gidatuta, GR-225, 1938ko maiatzaren 22an ihesaldia gogorazten duen ibililbidearen lehen etapari ekin zioten, Olabeko hobiraino. Bertan, ihes egindako eta hildako 16 presoren gorpuak berreskuratu ziren. Arratsaldean, NUPen bildu ziren tailerrak egiteko eta ikastetxeetan egiten dituzten memoria-proiektuak erakusteko, eta &#8220;<a href=\"https:\/\/drive.google.com\/file\/d\/1W4Jytv0y9UL6Dj2atxIbMGkqTR6fRhXz\/view?usp=sharing\" target=\"_blank\" rel=\"noopener\">Manifiesto de Iru\u00f1a. J\u00f3venes por la Memoria\/Iru\u00f1eko Manifestua. Memoriaren aldeko Gazteak<\/a>&#8220;, deskarga dezakezue.<\/p>\n\n\n\n<p>Larunbat goizean, hilak 4, Nicolas Zuazua eta Carlos Zuza arkeologoekin Otsondo gainera joan ziren, eta zenbait bunker eta babesleku bisitatu zituzten. Eraikin horiek Pirinioetako Gotorlekua osatzen dute, ia 500 kilometrotan zehar, Kantauritik Mediterraneoraino, eta gehienak frankismoko presoek eraiki zituzten. Bisitaren ondoren, taldearen zati bat bere jatorrizko lekuetara joan zen, eta gainerakoek arratsaldeaz gozatzeko aukera izan zuten Baztanen.<br><\/p>\n\n\n\n<figure class=\"wp-block-embed is-type-rich is-provider-kapsulatutako-kudeatzailea wp-block-embed-kapsulatutako-kudeatzailea wp-embed-aspect-16-9 wp-has-aspect-ratio\"><div class=\"wp-block-embed__wrapper\">\n<span class=\"embed-youtube\" style=\"text-align:center; display: block;\"><iframe loading=\"lazy\" class=\"youtube-player\" width=\"640\" height=\"360\" src=\"https:\/\/www.youtube.com\/embed\/vviPEzv_mf4?si=q3SzdRGpT6F88fjW&#038;version=3&#038;rel=1&#038;showsearch=0&#038;showinfo=1&#038;iv_load_policy=1&#038;fs=1&#038;hl=eu&#038;autohide=2&#038;wmode=transparent\" allowfullscreen=\"true\" style=\"border:0;\" sandbox=\"allow-scripts allow-same-origin allow-popups allow-presentation\"><\/iframe><\/span>\n<\/div><\/figure>\n\n\n\n<div class=\"wp-block-image\"><figure class=\"aligncenter size-full\"><img loading=\"lazy\" width=\"750\" height=\"500\" src=\"https:\/\/memoriahistorica.educacion.navarra.es\/wp-content\/uploads\/2025\/10\/20251003_Grupo_Fuerte_txiki.jpg\" alt=\"\" class=\"wp-image-3416\" srcset=\"https:\/\/memoriahistorica.educacion.navarra.es\/wp-content\/uploads\/2025\/10\/20251003_Grupo_Fuerte_txiki.jpg 750w, https:\/\/memoriahistorica.educacion.navarra.es\/wp-content\/uploads\/2025\/10\/20251003_Grupo_Fuerte_txiki-300x200.jpg 300w\" sizes=\"(max-width: 750px) 100vw, 750px\" \/><\/figure><\/div>\n","protected":false},"excerpt":{"rendered":"<p>2025eko urriaren 2tik 4ra bitartean, RedMemoriaren I. Hezkuntza-Topaketa egin zen Nafarroan, Nafarroako Memoriaren Institutuak, Espa\u00f1a en Libertad-50 a\u00f1os duen ordezkariak eta RedMemoria antolatuta. Andaluziako 4 ikastetxetako ikasleek eta irakasleek parte hartu zuten, Madrilgo 3koek, Asturiasko 2koek eta erkidego hauetako bakoitzeko batek: Gaztela-Mantxa, Gaztela Leon, Euskadi, Errioxa, Aragoi, Valentzia, Extremadura eta Kanariak. Gainera, ostiralean, hilak 3, [&hellip;]<\/p>\n","protected":false},"author":5,"featured_media":3411,"comment_status":"open","ping_status":"open","sticky":false,"template":"","format":"standard","meta":{"_genesis_hide_title":false,"_genesis_hide_breadcrumbs":false,"_genesis_hide_singular_image":false,"_genesis_hide_footer_widgets":false,"_genesis_custom_body_class":"","_genesis_custom_post_class":"","_genesis_layout":"","jetpack_post_was_ever_published":false,"jetpack_publicize_message":"","jetpack_is_tweetstorm":false,"jetpack_publicize_feature_enabled":true},"categories":[3],"tags":[233,115,76],"jetpack_publicize_connections":[],"jetpack_featured_media_url":"https:\/\/memoriahistorica.educacion.navarra.es\/wp-content\/uploads\/2025\/10\/Horizontal_Encuentro-Redmemoria_2126-x-729-px.png","jetpack_sharing_enabled":true,"jetpack_shortlink":"https:\/\/wp.me\/p8hF6h-T4","jetpack_likes_enabled":true,"_links":{"self":[{"href":"https:\/\/memoriahistorica.educacion.navarra.es\/eu\/wp-json\/wp\/v2\/posts\/3414"}],"collection":[{"href":"https:\/\/memoriahistorica.educacion.navarra.es\/eu\/wp-json\/wp\/v2\/posts"}],"about":[{"href":"https:\/\/memoriahistorica.educacion.navarra.es\/eu\/wp-json\/wp\/v2\/types\/post"}],"author":[{"embeddable":true,"href":"https:\/\/memoriahistorica.educacion.navarra.es\/eu\/wp-json\/wp\/v2\/users\/5"}],"replies":[{"embeddable":true,"href":"https:\/\/memoriahistorica.educacion.navarra.es\/eu\/wp-json\/wp\/v2\/comments?post=3414"}],"version-history":[{"count":8,"href":"https:\/\/memoriahistorica.educacion.navarra.es\/eu\/wp-json\/wp\/v2\/posts\/3414\/revisions"}],"predecessor-version":[{"id":3425,"href":"https:\/\/memoriahistorica.educacion.navarra.es\/eu\/wp-json\/wp\/v2\/posts\/3414\/revisions\/3425"}],"wp:featuredmedia":[{"embeddable":true,"href":"https:\/\/memoriahistorica.educacion.navarra.es\/eu\/wp-json\/wp\/v2\/media\/3411"}],"wp:attachment":[{"href":"https:\/\/memoriahistorica.educacion.navarra.es\/eu\/wp-json\/wp\/v2\/media?parent=3414"}],"wp:term":[{"taxonomy":"category","embeddable":true,"href":"https:\/\/memoriahistorica.educacion.navarra.es\/eu\/wp-json\/wp\/v2\/categories?post=3414"},{"taxonomy":"post_tag","embeddable":true,"href":"https:\/\/memoriahistorica.educacion.navarra.es\/eu\/wp-json\/wp\/v2\/tags?post=3414"}],"curies":[{"name":"wp","href":"https:\/\/api.w.org\/{rel}","templated":true}]}}