{"id":323,"date":"2017-01-24T14:13:14","date_gmt":"2017-01-24T13:13:14","guid":{"rendered":"https:\/\/memoriahistorica.educacion.navarra.es\/?p=323\/"},"modified":"2017-01-24T14:21:51","modified_gmt":"2017-01-24T13:21:51","slug":"nuestras-voces-en-movimiento-liburuaren-aurkezpena","status":"publish","type":"post","link":"https:\/\/memoriahistorica.educacion.navarra.es\/eu\/blog\/2017\/01\/24\/nuestras-voces-en-movimiento-liburuaren-aurkezpena\/","title":{"rendered":"&#8220;Nuestras voces en movimiento&#8221; liburuaren aurkezpena"},"content":{"rendered":"<h1 style=\"text-align: center\">Hitzaldia eta liburuaren aurkezpena<\/h1>\n<p>&nbsp;<\/p>\n<p><strong>Data<\/strong>: Otsailaren 2an, osteguna.<\/p>\n<p><strong>Tokia<\/strong>: Katakrak<\/p>\n<p><strong>17:15: &#8220;Memoria eta ahozko iturriak<\/strong>&#8221; hitzaldia. Laura Benadiba, Giovanni Levi, Jos\u00e9 Miguel Gast\u00f3n<\/p>\n<p><strong>19:00: &#8220;Nuestras voces en movimiento. Manual para la construcci\u00f3n de archivos de Historia Oral en los movimientos sociales&#8221;<\/strong> liburuaren aurkezpena. Esku hartuko dute: Laura Benadiba, Giovanni Levi, Fernando Mendiola<\/p>\n","protected":false},"excerpt":{"rendered":"<p>Hitzaldia eta liburuaren aurkezpena &nbsp; Data: Otsailaren 2an, osteguna. Tokia: Katakrak 17:15: &#8220;Memoria eta ahozko iturriak&#8221; hitzaldia. Laura Benadiba, Giovanni Levi, Jos\u00e9 Miguel Gast\u00f3n 19:00: &#8220;Nuestras voces en movimiento. Manual para la construcci\u00f3n de archivos de Historia Oral en los movimientos sociales&#8221; liburuaren aurkezpena. Esku hartuko dute: Laura Benadiba, Giovanni Levi, Fernando Mendiola<\/p>\n","protected":false},"author":2,"featured_media":328,"comment_status":"open","ping_status":"open","sticky":false,"template":"","format":"standard","meta":{"_genesis_hide_title":false,"_genesis_hide_breadcrumbs":false,"_genesis_hide_singular_image":false,"_genesis_hide_footer_widgets":false,"_genesis_custom_body_class":"","_genesis_custom_post_class":"","_genesis_layout":"","jetpack_post_was_ever_published":false,"jetpack_publicize_message":"","jetpack_is_tweetstorm":false,"jetpack_publicize_feature_enabled":true},"categories":[3,16],"tags":[155,157,154,156,153,62],"jetpack_publicize_connections":[],"jetpack_featured_media_url":"https:\/\/memoriahistorica.educacion.navarra.es\/wp-content\/uploads\/2017\/01\/AurkezpenaBenadiba2.jpg","jetpack_sharing_enabled":true,"jetpack_shortlink":"https:\/\/wp.me\/p8hF6h-5d","jetpack_likes_enabled":true,"_links":{"self":[{"href":"https:\/\/memoriahistorica.educacion.navarra.es\/eu\/wp-json\/wp\/v2\/posts\/323"}],"collection":[{"href":"https:\/\/memoriahistorica.educacion.navarra.es\/eu\/wp-json\/wp\/v2\/posts"}],"about":[{"href":"https:\/\/memoriahistorica.educacion.navarra.es\/eu\/wp-json\/wp\/v2\/types\/post"}],"author":[{"embeddable":true,"href":"https:\/\/memoriahistorica.educacion.navarra.es\/eu\/wp-json\/wp\/v2\/users\/2"}],"replies":[{"embeddable":true,"href":"https:\/\/memoriahistorica.educacion.navarra.es\/eu\/wp-json\/wp\/v2\/comments?post=323"}],"version-history":[{"count":1,"href":"https:\/\/memoriahistorica.educacion.navarra.es\/eu\/wp-json\/wp\/v2\/posts\/323\/revisions"}],"predecessor-version":[{"id":326,"href":"https:\/\/memoriahistorica.educacion.navarra.es\/eu\/wp-json\/wp\/v2\/posts\/323\/revisions\/326"}],"wp:featuredmedia":[{"embeddable":true,"href":"https:\/\/memoriahistorica.educacion.navarra.es\/eu\/wp-json\/wp\/v2\/media\/328"}],"wp:attachment":[{"href":"https:\/\/memoriahistorica.educacion.navarra.es\/eu\/wp-json\/wp\/v2\/media?parent=323"}],"wp:term":[{"taxonomy":"category","embeddable":true,"href":"https:\/\/memoriahistorica.educacion.navarra.es\/eu\/wp-json\/wp\/v2\/categories?post=323"},{"taxonomy":"post_tag","embeddable":true,"href":"https:\/\/memoriahistorica.educacion.navarra.es\/eu\/wp-json\/wp\/v2\/tags?post=323"}],"curies":[{"name":"wp","href":"https:\/\/api.w.org\/{rel}","templated":true}]}}