{"id":2974,"date":"2023-09-28T13:27:20","date_gmt":"2023-09-28T11:27:20","guid":{"rendered":"https:\/\/memoriahistorica.educacion.navarra.es\/blog\/2023\/09\/28\/las-sinsombrero\/"},"modified":"2023-10-17T08:36:30","modified_gmt":"2023-10-17T06:36:30","slug":"las-sinsombrero","status":"publish","type":"post","link":"https:\/\/memoriahistorica.educacion.navarra.es\/eu\/blog\/2023\/09\/28\/las-sinsombrero\/","title":{"rendered":"Las Sinsombrero"},"content":{"rendered":"\n<p>Nafarroako Memoriaren Institutuak 2023-2024 ikasturteari hasiera eman dio Las Sinsombrero erakusketaren inguruko hainbat jarduerarekin. Erakusketa Iru\u00f1eko Planetarioan egongo da ikusgai <strong>abenduaren 10era arte<\/strong>. Esposizio hau Erakusketa hau 27ko belaunaldiko emakume artista eta intelektualen bizitza eta lana irudietan jarri eta argitara eman nahi duen proiektu baten parte da, historiak inoiz aldarrikatu ez duena. Diktadura frankistaren ezarpenak eta erbesteratzeak, kasu askotan, bere obrarekin amaitzeaz gain, neurri handi batean haren ahanzturan lagundu zuten. Trantsizioarekin, gizonezkoen lana testuliburuetan sartu eta aitortu zen bitartean, emakumeen sorkuntzak ezabatu egin ziren literalki, eta erbesteratze errepublikarrari buruzko kontakizuna eraikitzeko orduan ere ez zen haien lekukotasuna kontuan hartu. T\u00e0nia Ball\u00f3, zinema-zuzendaria eta ikertzaile feminista, da erakusketaren komisarioa eta izenburu bereko dokumentalen trilogiaren egilea.<\/p>\n\n\n\n<div class=\"wp-block-image\"><figure class=\"aligncenter size-full is-resized\"><img loading=\"lazy\" src=\"https:\/\/memoriahistorica.educacion.navarra.es\/wp-content\/uploads\/2023\/09\/visita-expo4b-2.jpg\" alt=\"\" class=\"wp-image-2968\" width=\"579\" height=\"435\" srcset=\"https:\/\/memoriahistorica.educacion.navarra.es\/wp-content\/uploads\/2023\/09\/visita-expo4b-2.jpg 1006w, https:\/\/memoriahistorica.educacion.navarra.es\/wp-content\/uploads\/2023\/09\/visita-expo4b-2-300x225.jpg 300w, https:\/\/memoriahistorica.educacion.navarra.es\/wp-content\/uploads\/2023\/09\/visita-expo4b-2-768x576.jpg 768w\" sizes=\"(max-width: 579px) 100vw, 579px\" \/><\/figure><\/div>\n\n\n\n<p>Erakusketaz eta proiektuaren arduradunak Iru\u00f1ean egin duen egonaldiaz baliatuz, ikastetxeei zuzendutako hainbat jarduera egin dira. Horrela, Iru\u00f1eko Iparralde BHIko DBHko 4. mailako ikasleek saileko lehen dokumentala ikusteko aukera izan zuten; ondoren, T\u00e0nia Ball\u00f3 errealizadorearen bisita jaso zuten institutuan bertan, eta harekin solasaldia izan zuten.<\/p>\n\n\n\n<p>Bestalde, irailaren 27an, Iru\u00f1eko Planetarioan kontzertu bat egin zen Lucia S\u00f3cam kantautore eta memoria-aktibistarekin; Luc\u00edak emakume baten ahotsa jarri zion 27ko belaunaldiari, besteak beste, Zenobia Camprub\u00ed, Mar\u00eda Teresa Le\u00f3n, Maruja Mallo, Mar\u00eda Zambrano eta Rosa Chacelen poema eta testuekin osatutako kontzertu batean. Martzillako Marqu\u00e9s de Villena BHIko, Sarriguren BHIko, Zizur BHIko eta Iru\u00f1eko Iturrama BHIko 150 neska-mutil baino gehiago bertaratu ziren kontzertura. Aurretik, taldeka banatutako ikasleek T\u00e0nia Ball\u00f3rekin batera bisitatu zuten erakusketa.<\/p>\n\n\n\n<div class=\"wp-block-image\"><figure class=\"aligncenter size-full is-resized\"><img loading=\"lazy\" src=\"https:\/\/memoriahistorica.educacion.navarra.es\/wp-content\/uploads\/2023\/09\/Visita-expo9b.jpg\" alt=\"\" class=\"wp-image-2970\" width=\"628\" height=\"471\" srcset=\"https:\/\/memoriahistorica.educacion.navarra.es\/wp-content\/uploads\/2023\/09\/Visita-expo9b.jpg 1006w, https:\/\/memoriahistorica.educacion.navarra.es\/wp-content\/uploads\/2023\/09\/Visita-expo9b-300x225.jpg 300w, https:\/\/memoriahistorica.educacion.navarra.es\/wp-content\/uploads\/2023\/09\/Visita-expo9b-768x576.jpg 768w\" sizes=\"(max-width: 628px) 100vw, 628px\" \/><\/figure><\/div>\n\n\n\n<p>Erakusketa eta\/edo dokumentalaren proiekzioak ikusteko, jar zaitezte harremanetan INMrekin inm@navarra.es helbidean edo blog honen formularioaren bidez. Ikasgelan lana egiteko, material osagarria dago (gaztelaniaz bakarrik), eta eskuragarri dago.<\/p>\n\n\n\n<ul><li><a href=\"https:\/\/leer.es\/proyectos\/las-sinsombrero\/proyecto-educativo\/\" target=\"_blank\" rel=\"noreferrer noopener\">Las Sinsombrero hezkuntza-proiektua<\/a> leer.es baliabideen atarian<\/li><li>Erakusketaren<a href=\"https:\/\/www.teatrofernangomez.es\/sites\/default\/files\/2022-10\/Gu%C3%ADa%20did%C3%A1ctica%20LSS%20%281%29.pdf\" target=\"_blank\" rel=\"noreferrer noopener\"> gida didaktikoa<\/a><\/li><li>Erakusketari burusko <a href=\"https:\/\/www.teatrofernangomez.es\/sites\/default\/files\/2022-10\/Cuaderno%20de%20actividades%20LSS.pdf\" target=\"_blank\" rel=\"noopener\">jardueren koadernoa<\/a><\/li><\/ul>\n","protected":false},"excerpt":{"rendered":"<p>Nafarroako Memoriaren Institutuak 2023-2024 ikasturteari hasiera eman dio Las Sinsombrero erakusketaren inguruko hainbat jarduerarekin. Erakusketa Iru\u00f1eko Planetarioan egongo da ikusgai abenduaren 10era arte. Esposizio hau Erakusketa hau 27ko belaunaldiko emakume artista eta intelektualen bizitza eta lana irudietan jarri eta argitara eman nahi duen proiektu baten parte da, historiak inoiz aldarrikatu ez duena. Diktadura frankistaren ezarpenak [&hellip;]<\/p>\n","protected":false},"author":5,"featured_media":2962,"comment_status":"open","ping_status":"open","sticky":false,"template":"","format":"standard","meta":{"_genesis_hide_title":false,"_genesis_hide_breadcrumbs":false,"_genesis_hide_singular_image":false,"_genesis_hide_footer_widgets":false,"_genesis_custom_body_class":"","_genesis_custom_post_class":"","_genesis_layout":"","jetpack_post_was_ever_published":false,"jetpack_publicize_message":"","jetpack_is_tweetstorm":false,"jetpack_publicize_feature_enabled":true},"categories":[14,3,15],"tags":[233,464],"jetpack_publicize_connections":[],"jetpack_featured_media_url":"https:\/\/memoriahistorica.educacion.navarra.es\/wp-content\/uploads\/2023\/09\/Actividades-Sinsombrero-copia.png","jetpack_sharing_enabled":true,"jetpack_shortlink":"https:\/\/wp.me\/p8hF6h-LY","jetpack_likes_enabled":true,"_links":{"self":[{"href":"https:\/\/memoriahistorica.educacion.navarra.es\/eu\/wp-json\/wp\/v2\/posts\/2974"}],"collection":[{"href":"https:\/\/memoriahistorica.educacion.navarra.es\/eu\/wp-json\/wp\/v2\/posts"}],"about":[{"href":"https:\/\/memoriahistorica.educacion.navarra.es\/eu\/wp-json\/wp\/v2\/types\/post"}],"author":[{"embeddable":true,"href":"https:\/\/memoriahistorica.educacion.navarra.es\/eu\/wp-json\/wp\/v2\/users\/5"}],"replies":[{"embeddable":true,"href":"https:\/\/memoriahistorica.educacion.navarra.es\/eu\/wp-json\/wp\/v2\/comments?post=2974"}],"version-history":[{"count":3,"href":"https:\/\/memoriahistorica.educacion.navarra.es\/eu\/wp-json\/wp\/v2\/posts\/2974\/revisions"}],"predecessor-version":[{"id":3138,"href":"https:\/\/memoriahistorica.educacion.navarra.es\/eu\/wp-json\/wp\/v2\/posts\/2974\/revisions\/3138"}],"wp:featuredmedia":[{"embeddable":true,"href":"https:\/\/memoriahistorica.educacion.navarra.es\/eu\/wp-json\/wp\/v2\/media\/2962"}],"wp:attachment":[{"href":"https:\/\/memoriahistorica.educacion.navarra.es\/eu\/wp-json\/wp\/v2\/media?parent=2974"}],"wp:term":[{"taxonomy":"category","embeddable":true,"href":"https:\/\/memoriahistorica.educacion.navarra.es\/eu\/wp-json\/wp\/v2\/categories?post=2974"},{"taxonomy":"post_tag","embeddable":true,"href":"https:\/\/memoriahistorica.educacion.navarra.es\/eu\/wp-json\/wp\/v2\/tags?post=2974"}],"curies":[{"name":"wp","href":"https:\/\/api.w.org\/{rel}","templated":true}]}}